{"id":28866,"date":"2018-04-24T09:48:16","date_gmt":"2018-04-24T14:48:16","guid":{"rendered":"https:\/\/alpha.pewresearch.org\/pewresearch-org\/2018\/04\/24\/references-sub-saharan-african-immigrants-demographic-profile\/"},"modified":"2024-04-14T03:56:42","modified_gmt":"2024-04-14T08:56:42","slug":"references-sub-saharan-african-immigrants-demographic-profile","status":"publish","type":"post","link":"https:\/\/alpha.pewresearch.org\/pewresearch-org\/global\/2018\/04\/24\/references-sub-saharan-african-immigrants-demographic-profile\/","title":{"rendered":"Appendix A: References"},"content":{"rendered":"<p class=\"wp-block-paragraph\">Anderson, Monica. 2015. \u201c<a href=\"https:\/\/alpha.pewresearch.org\/pewresearch-org\/social-trends\/2015\/04\/09\/a-rising-share-of-the-u-s-black-population-is-foreign-born\/\">A Rising Share of the U.S. Black Population is Foreign Born<\/a>.\u201d Washington, D.C.: Pew Research Center, April.<\/p>\n\n<p class=\"wp-block-paragraph\">Connor, Phillip. 2018. \u201c<a href=\"https:\/\/alpha.pewresearch.org\/pewresearch-org\/global\/2018\/03\/22\/at-least-a-million-sub-saharan-africans-moved-to-europe-since-2010\/\">At Least a Million Sub-Saharan Africans Moved to Europe Since 2010.<\/a>\u201d\u00a0 Washington, D.C.: Pew Research Center, March.<\/p>\n\n<p class=\"wp-block-paragraph\">Connor, Phillip. 2017. \u201c<a href=\"https:\/\/alpha.pewresearch.org\/pewresearch-org\/short-reads\/2017\/03\/24\/applications-for-u-s-visa-lottery-more-than-doubled-since-2007\/\">Applications for U.S. visa lottery more than doubled since 2007<\/a>.\u201d Washington, D.C.: Pew Research Center, March.<\/p>\n\n<p class=\"wp-block-paragraph\">Connor, Phillip. 2017. \u201c<a href=\"https:\/\/alpha.pewresearch.org\/pewresearch-org\/global\/2017\/09\/20\/a-million-asylum-seekers-await-word-on-whether-they-can-call-europe-home\/\">Still in Limbo: About a Million Asylum Seekers Await Word on Whether They Can Call Europe Home<\/a>.\u201d Washington, D.C.: Pew Research Center, September.<\/p>\n\n<p class=\"wp-block-paragraph\">Capps, Randy, Kristen McCabe and Michael Fix. 2012. \u201c<a href=\"https:\/\/www.migrationpolicy.org\/research\/CBI-african-migration-united-states\" target=\"_blank\" rel=\"noopener noreferrer\">Diverse Streams: African Migration to the United States.<\/a>\u201d Washington, D.C.: Migration Policy Institute, April.<\/p>\n\n<p class=\"wp-block-paragraph\">De Haas, Hein. 2009. \u201c<a href=\"https:\/\/heindehaas.files.wordpress.com\/2015\/05\/de-haas-2008-the-myth-of-invasion.pdf\" target=\"_blank\" rel=\"noopener noreferrer\">The Myth of Invasion: The Inconvenient Realities of African Migration to Europe<\/a>.\u201d Abingdon, UK: <a href=\"https:\/\/www.tandfonline.com\/doi\/abs\/10.1080\/01436590802386435\" target=\"_blank\" rel=\"noopener noreferrer\">Third World Quarterly<\/a>, February.<\/p>\n\n<p class=\"wp-block-paragraph\">Dumont, Jean-Christophe, Gilles Spielvogel and Sarah Widmaier. 2010. \u201c<a href=\"http:\/\/www.oecd.org\/els\/mig\/46535333.pdf\" target=\"_blank\" rel=\"noopener noreferrer\">International Migrants Developed, Emerging and Developing Countries: An Extended Profile.<\/a>\u201d Paris, France: OECD, December.<\/p>\n\n<p class=\"wp-block-paragraph\">Malheiros, Jorge. 2002. \u201c<a href=\"https:\/\/www.migrationpolicy.org\/article\/portugal-seeks-balance-emigration-immigration\" target=\"_blank\" rel=\"noopener noreferrer\">Portugal Seeks Balance on Emigration, Immigration<\/a>.\u201d Washington, D.C.: Migration Policy Institute, December.<\/p>\n\n<p class=\"wp-block-paragraph\">Passel, Jeffrey S, and D\u2019Vera Cohn. 2017. \u201c<a href=\"https:\/\/alpha.pewresearch.org\/pewresearch-org\/short-reads\/2017\/04\/25\/as-mexican-share-declined-u-s-unauthorized-immigrant-population-fell-in-2015-below-recession-level\/\">As Mexican Share Declined, U.S. Unauthorized Immigrant Population Fell in 2015 Below Recession Level<\/a>.\u201d Washington, D.C.: Pew Research Center, April.<\/p>\n\n<p class=\"wp-block-paragraph\">Tankwanchi, Akhenaten Benjamin Siankam and \u00c7a\u011flar \u00d6zden and Sten H. Vermund. 2013. \u201c<a href=\"http:\/\/journals.plos.org\/plosmedicine\/article?id=10.1371\/journal.pmed.1001513\" target=\"_blank\" rel=\"noopener noreferrer\">Physician Emigration from Sub-Saharan Africa to the United States: Analysis of the 2011 AMA Physician Masterfile<\/a>.\u201d San Francisco, CA: PPLOS Medicine, September.<\/p>\n\n<p class=\"wp-block-paragraph\">Wulfhorst, Ellen. 2018. \u201c<a href=\"https:\/\/www.reuters.com\/article\/us-global-migration-africa\/millions-making-plans-to-leave-africa-for-europe-and-u-s-says-report-idUSKBN1GY1QO\" target=\"_blank\" rel=\"noopener noreferrer\">Millions Making Plans to Leave Africa for Europe and U.S., Says Report<\/a>.\u201d\u00a0 London, United Kingdom: Reuters, March.<\/p>","protected":false},"excerpt":{"rendered":"<p>Anderson, Monica. 2015. \u201cA Rising Share of the U.S. Black Population is Foreign Born.\u201d Washington, D.C.: Pew Research Center, April. Connor, Phillip. 2018. \u201cAt Least a Million Sub-Saharan Africans Moved to Europe Since 2010.\u201d\u00a0 Washington, D.C.: Pew Research Center, March. Connor, Phillip. 2017. \u201cApplications for U.S. visa lottery more than doubled since 2007.\u201d Washington, D.C.: [&hellip;]<\/p>\n","protected":false},"author":112,"featured_media":0,"comment_status":"open","ping_status":"open","sticky":false,"template":"","format":"standard","meta":{"_crdt_document":"","sub_headline":"","sub_title":"","_prc_public_revisions":[],"_ppp_expiration_hours":0,"_ppp_enabled":false,"ai_generated_summary":"","bylines":[{"key":"707a92d72afbb6b51cb9bd05fd2c8255","termId":940}],"acknowledgements":[],"displayBylines":true,"prc_watchers":[],"relatedPosts":[],"reportMaterials":[],"multiSectionReport":[],"package_parts__enabled":false,"package_parts":[],"_prc_fork_parent":0,"_prc_fork_status":"","_prc_active_fork":0,"datacite_doi":"","datacite_doi_citation":"","_prc_seo_qr_attachment_id":0,"spoken_article_player_enabled":true,"footnotes":""},"categories":[],"tags":[],"bylines":[940],"collection":[],"datasets":[],"level_of_effort":[],"primary_audience":[],"information_type":[],"_post_visibility":[],"formats":[458],"_fund_pool":[],"languages":[],"regions-countries":[],"research-teams":[525],"workflow-status":[],"class_list":["post-28866","post","type-post","status-publish","format-standard","hentry","bylines-monica-anderson","formats-report","research-teams-global"],"label":false,"post_parent":28906,"word_count":245,"canonical_url":"https:\/\/alpha.pewresearch.org\/pewresearch-org\/global\/2018\/04\/24\/references-sub-saharan-african-immigrants-demographic-profile\/","art_direction":{"A1":{"id":37468,"rawUrl":"https:\/\/alpha.pewresearch.org\/pewresearch-org\/wp-content\/uploads\/sites\/20\/2018\/04\/PHGMD_18.04.24_Africa-2_Featured-Image-1-jpg.webp","url":"https:\/\/alpha.pewresearch.org\/pewresearch-org\/wp-content\/uploads\/sites\/20\/2018\/04\/PHGMD_18.04.24_Africa-2_Featured-Image-1-jpg.webp?w=564&h=317&crop=1","width":564,"height":317,"chartArt":false},"A2":{"id":37468,"rawUrl":"https:\/\/alpha.pewresearch.org\/pewresearch-org\/wp-content\/uploads\/sites\/20\/2018\/04\/PHGMD_18.04.24_Africa-2_Featured-Image-1-jpg.webp","url":"https:\/\/alpha.pewresearch.org\/pewresearch-org\/wp-content\/uploads\/sites\/20\/2018\/04\/PHGMD_18.04.24_Africa-2_Featured-Image-1-jpg.webp?w=268&h=151&crop=1","width":268,"height":151,"chartArt":false},"A3":{"id":37468,"rawUrl":"https:\/\/alpha.pewresearch.org\/pewresearch-org\/wp-content\/uploads\/sites\/20\/2018\/04\/PHGMD_18.04.24_Africa-2_Featured-Image-1-jpg.webp","url":"https:\/\/alpha.pewresearch.org\/pewresearch-org\/wp-content\/uploads\/sites\/20\/2018\/04\/PHGMD_18.04.24_Africa-2_Featured-Image-1-jpg.webp?w=194&h=110&crop=1","width":194,"height":110,"chartArt":false},"A4":{"id":37468,"rawUrl":"https:\/\/alpha.pewresearch.org\/pewresearch-org\/wp-content\/uploads\/sites\/20\/2018\/04\/PHGMD_18.04.24_Africa-2_Featured-Image-1-jpg.webp","url":"https:\/\/alpha.pewresearch.org\/pewresearch-org\/wp-content\/uploads\/sites\/20\/2018\/04\/PHGMD_18.04.24_Africa-2_Featured-Image-1-jpg.webp?w=268&h=151&crop=1","width":268,"height":151,"chartArt":false},"XL":{"id":37468,"rawUrl":"https:\/\/alpha.pewresearch.org\/pewresearch-org\/wp-content\/uploads\/sites\/20\/2018\/04\/PHGMD_18.04.24_Africa-2_Featured-Image-1-jpg.webp","url":"https:\/\/alpha.pewresearch.org\/pewresearch-org\/wp-content\/uploads\/sites\/20\/2018\/04\/PHGMD_18.04.24_Africa-2_Featured-Image-1-jpg.webp?w=640&h=320&crop=1","width":640,"height":320,"chartArt":false},"social":{"id":37468,"rawUrl":"https:\/\/alpha.pewresearch.org\/pewresearch-org\/wp-content\/uploads\/sites\/20\/2018\/04\/PHGMD_18.04.24_Africa-2_Featured-Image-1-jpg.webp","url":"https:\/\/alpha.pewresearch.org\/pewresearch-org\/wp-content\/uploads\/sites\/20\/2018\/04\/PHGMD_18.04.24_Africa-2_Featured-Image-1-jpg.webp?w=640&h=320&crop=1","width":640,"height":320,"chartArt":false}},"_embeds":[],"watchers":[],"table_of_contents":[{"id":28906,"title":"Sub-Saharan African Immigrants in the U.S. Are Often More Educated Than Those in Top European Destinations","slug":"sub-saharan-african-immigrants-in-the-u-s-are-often-more-educated-than-those-in-top-european-destinations","link":"https:\/\/alpha.pewresearch.org\/pewresearch-org\/global\/2018\/04\/24\/sub-saharan-african-immigrants-in-the-u-s-are-often-more-educated-than-those-in-top-european-destinations\/","is_active":false},{"id":28890,"title":"Acknowledgements","slug":"acknowledgements-sub-saharan-african-immigrants-demographic-profile","link":"https:\/\/alpha.pewresearch.org\/pewresearch-org\/global\/2018\/04\/24\/acknowledgements-sub-saharan-african-immigrants-demographic-profile\/","is_active":false},{"id":28877,"title":"Methodology","slug":"methodology-sub-saharan-african-immigrants-demographic-profile","link":"https:\/\/alpha.pewresearch.org\/pewresearch-org\/global\/2018\/04\/24\/methodology-sub-saharan-african-immigrants-demographic-profile\/","is_active":false},{"id":28866,"title":"Appendix A: References","slug":"references-sub-saharan-african-immigrants-demographic-profile","link":"https:\/\/alpha.pewresearch.org\/pewresearch-org\/global\/2018\/04\/24\/references-sub-saharan-african-immigrants-demographic-profile\/","is_active":true},{"id":28859,"title":"Appendix B: Demographic and economic profiles","slug":"demographic-and-economic-profiles-sub-saharan-african-immigrants-demographic-profile","link":"https:\/\/alpha.pewresearch.org\/pewresearch-org\/global\/2018\/04\/24\/demographic-and-economic-profiles-sub-saharan-african-immigrants-demographic-profile\/","is_active":false},{"id":29013,"title":"Appendix C: Countries of birth of sub-Saharan immigrants in top destinations","slug":"countries-of-birth-of-sub-saharan-immigrants-in-top-destinations-sub-saharan-african-immigrants-demographic-profile","link":"https:\/\/alpha.pewresearch.org\/pewresearch-org\/global\/2018\/04\/24\/countries-of-birth-of-sub-saharan-immigrants-in-top-destinations-sub-saharan-african-immigrants-demographic-profile\/","is_active":false},{"id":29003,"title":"Appendix D: Sub-Saharan African countries and territories","slug":"sub-saharan-african-countries-and-territories-sub-saharan-african-immigrants-demographic-profile","link":"https:\/\/alpha.pewresearch.org\/pewresearch-org\/global\/2018\/04\/24\/sub-saharan-african-countries-and-territories-sub-saharan-african-immigrants-demographic-profile\/","is_active":false}],"report_materials":[{"key":"ef3c9fda-52a0-4c90-9b0d-948005e2b867","type":"report","url":"https:\/\/alpha.pewresearch.org\/pewresearch-org\/global\/wp-content\/uploads\/sites\/2\/2018\/04\/Pew-Research-Center_Sub-Saharan-African-Immigrant-Profile-Report_2018-04-24.pdf","label":"","icon":"","attachmentId":""}],"report_pagination":{"current_post":{"id":28866,"title":"Appendix A: References","slug":"references-sub-saharan-african-immigrants-demographic-profile","link":"https:\/\/alpha.pewresearch.org\/pewresearch-org\/global\/2018\/04\/24\/references-sub-saharan-african-immigrants-demographic-profile\/","is_active":true,"page_num":4},"next_post":{"id":28859,"title":"Appendix B: Demographic and economic profiles","slug":"demographic-and-economic-profiles-sub-saharan-african-immigrants-demographic-profile","link":"https:\/\/alpha.pewresearch.org\/pewresearch-org\/global\/2018\/04\/24\/demographic-and-economic-profiles-sub-saharan-african-immigrants-demographic-profile\/","is_active":false,"page_num":5},"previous_post":{"id":28877,"title":"Methodology","slug":"methodology-sub-saharan-african-immigrants-demographic-profile","link":"https:\/\/alpha.pewresearch.org\/pewresearch-org\/global\/2018\/04\/24\/methodology-sub-saharan-african-immigrants-demographic-profile\/","is_active":false,"page_num":3},"pagination_items":[{"id":28906,"title":"Sub-Saharan African Immigrants in the U.S. Are Often More Educated Than Those in Top European Destinations","slug":"sub-saharan-african-immigrants-in-the-u-s-are-often-more-educated-than-those-in-top-european-destinations","link":"https:\/\/alpha.pewresearch.org\/pewresearch-org\/global\/2018\/04\/24\/sub-saharan-african-immigrants-in-the-u-s-are-often-more-educated-than-those-in-top-european-destinations\/","is_active":false,"page_num":1},{"id":28890,"title":"Acknowledgements","slug":"acknowledgements-sub-saharan-african-immigrants-demographic-profile","link":"https:\/\/alpha.pewresearch.org\/pewresearch-org\/global\/2018\/04\/24\/acknowledgements-sub-saharan-african-immigrants-demographic-profile\/","is_active":false,"page_num":2},{"id":28877,"title":"Methodology","slug":"methodology-sub-saharan-african-immigrants-demographic-profile","link":"https:\/\/alpha.pewresearch.org\/pewresearch-org\/global\/2018\/04\/24\/methodology-sub-saharan-african-immigrants-demographic-profile\/","is_active":false,"page_num":3},{"id":28866,"title":"Appendix A: References","slug":"references-sub-saharan-african-immigrants-demographic-profile","link":"https:\/\/alpha.pewresearch.org\/pewresearch-org\/global\/2018\/04\/24\/references-sub-saharan-african-immigrants-demographic-profile\/","is_active":true,"page_num":4},{"id":28859,"title":"Appendix B: Demographic and economic profiles","slug":"demographic-and-economic-profiles-sub-saharan-african-immigrants-demographic-profile","link":"https:\/\/alpha.pewresearch.org\/pewresearch-org\/global\/2018\/04\/24\/demographic-and-economic-profiles-sub-saharan-african-immigrants-demographic-profile\/","is_active":false,"page_num":5},{"id":29013,"title":"Appendix C: Countries of birth of sub-Saharan immigrants in top destinations","slug":"countries-of-birth-of-sub-saharan-immigrants-in-top-destinations-sub-saharan-african-immigrants-demographic-profile","link":"https:\/\/alpha.pewresearch.org\/pewresearch-org\/global\/2018\/04\/24\/countries-of-birth-of-sub-saharan-immigrants-in-top-destinations-sub-saharan-african-immigrants-demographic-profile\/","is_active":false,"page_num":6},{"id":29003,"title":"Appendix D: Sub-Saharan African countries and territories","slug":"sub-saharan-african-countries-and-territories-sub-saharan-african-immigrants-demographic-profile","link":"https:\/\/alpha.pewresearch.org\/pewresearch-org\/global\/2018\/04\/24\/sub-saharan-african-countries-and-territories-sub-saharan-african-immigrants-demographic-profile\/","is_active":false,"page_num":7}]},"parent_info":{"parent_title":"Sub-Saharan African Immigrants in the U.S. Are Often More Educated Than Those in Top European Destinations","parent_id":28906},"materialsOrdered":[],"chaptersOrdered":[],"partsOrdered":[],"partsEnabled":false,"datacite_doi":"","prc_seo_data":{"title":"References: Sub-Saharan African Immigrants Demographic Profile","description":"Anderson, Monica. 2015. \u201cA Rising Share of the U.S. Black Population is Foreign Born.\u201d Washington, D.C.: Pew Research Center, April. Connor, Phillip. 2018. \u201cAt Least a Million Sub-Saharan Africans Moved&hellip;","og_title":"References: Sub-Saharan African Immigrants Demographic Profile","og_description":"Anderson, Monica. 2015. \u201cA Rising Share of the U.S. Black Population is Foreign Born.\u201d Washington, D.C.: Pew Research Center, April. Connor, Phillip. 2018. \u201cAt Least a Million Sub-Saharan Africans Moved&hellip;","schema_type":"Article","noindex":false,"canonical_url":"","primary_terms":[],"custom_schema":[],"og_image":37468,"indexnow_submitted_at":null,"gsc_index_status":null},"prepublish_checks":{"prc-image-alt-text":{"status":"complete","message":"No image blocks in content.","data":null},"prc-about-this-research":{"status":"incomplete","message":"Add an \"About this research\" details block.","data":null},"prc-paragraph-count":{"status":"complete","message":"Found 11 paragraphs.","data":{"count":11}},"prc-internal-link":{"status":"complete","message":"Found 5 internal links.","data":{"count":5}}},"jetpack_featured_media_url":"","jetpack_sharing_enabled":true,"relatedPostsOrdered":[],"bylinesOrdered":[{"key":"707a92d72afbb6b51cb9bd05fd2c8255","termId":940}],"acknowledgementsOrdered":[],"_links":{"self":[{"href":"https:\/\/alpha.pewresearch.org\/pewresearch-org\/wp-json\/wp\/v2\/posts\/28866","targetHints":{"allow":["GET"]}}],"collection":[{"href":"https:\/\/alpha.pewresearch.org\/pewresearch-org\/wp-json\/wp\/v2\/posts"}],"about":[{"href":"https:\/\/alpha.pewresearch.org\/pewresearch-org\/wp-json\/wp\/v2\/types\/post"}],"author":[{"embeddable":true,"href":"https:\/\/alpha.pewresearch.org\/pewresearch-org\/wp-json\/wp\/v2\/users\/112"}],"replies":[{"embeddable":true,"href":"https:\/\/alpha.pewresearch.org\/pewresearch-org\/wp-json\/wp\/v2\/comments?post=28866"}],"version-history":[{"count":2,"href":"https:\/\/alpha.pewresearch.org\/pewresearch-org\/wp-json\/wp\/v2\/posts\/28866\/revisions"}],"predecessor-version":[{"id":120116,"href":"https:\/\/alpha.pewresearch.org\/pewresearch-org\/wp-json\/wp\/v2\/posts\/28866\/revisions\/120116"}],"wp:attachment":[{"href":"https:\/\/alpha.pewresearch.org\/pewresearch-org\/wp-json\/wp\/v2\/media?parent=28866"}],"wp:term":[{"taxonomy":"category","embeddable":true,"href":"https:\/\/alpha.pewresearch.org\/pewresearch-org\/wp-json\/wp\/v2\/categories?post=28866"},{"taxonomy":"post_tag","embeddable":true,"href":"https:\/\/alpha.pewresearch.org\/pewresearch-org\/wp-json\/wp\/v2\/tags?post=28866"},{"taxonomy":"bylines","embeddable":true,"href":"https:\/\/alpha.pewresearch.org\/pewresearch-org\/wp-json\/wp\/v2\/bylines?post=28866"},{"taxonomy":"collection","embeddable":true,"href":"https:\/\/alpha.pewresearch.org\/pewresearch-org\/wp-json\/wp\/v2\/collection?post=28866"},{"taxonomy":"datasets","embeddable":true,"href":"https:\/\/alpha.pewresearch.org\/pewresearch-org\/wp-json\/wp\/v2\/datasets?post=28866"},{"taxonomy":"level_of_effort","embeddable":true,"href":"https:\/\/alpha.pewresearch.org\/pewresearch-org\/wp-json\/wp\/v2\/level_of_effort?post=28866"},{"taxonomy":"primary_audience","embeddable":true,"href":"https:\/\/alpha.pewresearch.org\/pewresearch-org\/wp-json\/wp\/v2\/primary_audience?post=28866"},{"taxonomy":"information_type","embeddable":true,"href":"https:\/\/alpha.pewresearch.org\/pewresearch-org\/wp-json\/wp\/v2\/information_type?post=28866"},{"taxonomy":"_post_visibility","embeddable":true,"href":"https:\/\/alpha.pewresearch.org\/pewresearch-org\/wp-json\/wp\/v2\/_post_visibility?post=28866"},{"taxonomy":"formats","embeddable":true,"href":"https:\/\/alpha.pewresearch.org\/pewresearch-org\/wp-json\/wp\/v2\/formats?post=28866"},{"taxonomy":"_fund_pool","embeddable":true,"href":"https:\/\/alpha.pewresearch.org\/pewresearch-org\/wp-json\/wp\/v2\/_fund_pool?post=28866"},{"taxonomy":"languages","embeddable":true,"href":"https:\/\/alpha.pewresearch.org\/pewresearch-org\/wp-json\/wp\/v2\/languages?post=28866"},{"taxonomy":"regions-countries","embeddable":true,"href":"https:\/\/alpha.pewresearch.org\/pewresearch-org\/wp-json\/wp\/v2\/regions-countries?post=28866"},{"taxonomy":"research-teams","embeddable":true,"href":"https:\/\/alpha.pewresearch.org\/pewresearch-org\/wp-json\/wp\/v2\/research-teams?post=28866"},{"taxonomy":"workflow-status","embeddable":true,"href":"https:\/\/alpha.pewresearch.org\/pewresearch-org\/wp-json\/wp\/v2\/workflow-status?post=28866"}],"curies":[{"name":"wp","href":"https:\/\/api.w.org\/{rel}","templated":true}]}}