{"id":197939,"date":"2025-01-28T12:04:16","date_gmt":"2025-01-28T17:04:16","guid":{"rendered":"https:\/\/alpha.pewresearch.org\/pewresearch-org\/?p=197939"},"modified":"2025-04-23T23:50:00","modified_gmt":"2025-04-24T03:50:00","slug":"turkish-press-release-comp-rel-nat","status":"publish","type":"post","link":"https:\/\/alpha.pewresearch.org\/pewresearch-org\/2025\/01\/28\/turkish-press-release-comp-rel-nat\/","title":{"rendered":"D\u00fcnya \u00c7ap\u0131nda Din\u00ee Milliyet\u00e7ilik D\u00fczeylerinin Kar\u015f\u0131la\u015ft\u0131r\u0131lmas\u0131"},"content":{"rendered":"\n\n\n<p class=\"wp-block-paragraph\"><em>Bu bas\u0131n b\u00fclteni orijinal \u0130ngilizceden T\u00fcrk\u00e7eye \u00e7evrilmi\u015ftir.<\/em><\/p>\n\n\n\n<p class=\"wp-block-paragraph\"><a href=\"https:\/\/alpha.pewresearch.org\/pewresearch-org\/global\/2025\/01\/28\/comparing-levels-of-religious-nationalism-around-the-world\/\">Otuz alt\u0131 \u00fclkeyi kapsayan yeni bir Pew Research Center anketinde<\/a> orta gelirli \u00fclkelerde ya\u015fayan insanlar\u0131n y\u00fcksek gelirli \u00fclkelerde ya\u015fayan insanlara g\u00f6re \u201cdin\u00ee milliyet\u00e7i\u201d (religious nationalists) olma olas\u0131l\u0131klar\u0131n\u0131n daha y\u00fcksek oldu\u011fu bulundu. Ancak din\u00ee milliyet\u00e7iler <a href=\"https:\/\/alpha.pewresearch.org\/pewresearch-org\/global\/2025\/01\/28\/comparing-levels-of-religious-nationalism-around-the-world\/pg_2025-01-28_comp-rel-nat_0_01\/\">anket yap\u0131lan hi\u00e7bir \u00fclkede n\u00fcfusun \u00e7o\u011funlu\u011funu olu\u015fturmuyordu.<\/a><\/p>\n\n\n\n<p class=\"wp-block-paragraph\">Bu raporda, anketimizde dinin ulusal kimlik ve y\u00f6netimdeki rol\u00fcyle ilgili d\u00f6rt temel sorunun tamam\u0131na kar\u015f\u0131 g\u00fc\u00e7l\u00fc bir dindar tav\u0131r tak\u0131nan ve \u00fclkelerinin tarihsel olarak bask\u0131n diniyle \u00f6zde\u015fle\u015fen ki\u015filer \u201cdin\u00ee milliyet\u00e7i\u201d (religious nationalists) olarak s\u0131n\u0131fland\u0131r\u0131lmaktad\u0131r.<\/p>\n\n\n\n<p class=\"wp-block-paragraph\">Anket yap\u0131lan \u00fclkeler aras\u0131nda din\u00ee milliyet\u00e7ili\u011fin yayg\u0131nl\u0131\u011f\u0131 b\u00fcy\u00fck \u00f6l\u00e7\u00fcde farkl\u0131l\u0131k g\u00f6stermektedir: Almanya ve \u0130sve\u00e7\u2019te ankete kat\u0131lan yeti\u015fkinlerin y\u00fczde 1\u2019den az\u0131 kriterleri kar\u015f\u0131larken, Endonezya\u2019da (%46) ve Banglade\u015f\u2019te (%45) bu oran y\u00fczde k\u0131rk\u0131n \u00fczerindeydi. Bu analizde ABD\u2019li yeti\u015fkinlerin yaln\u0131zca %6\u2019s\u0131 \u201cdin\u00ee milliyet\u00e7i\u201d (religious nationalists) olarak s\u0131n\u0131fland\u0131r\u0131l\u0131rken, ABD\u2019li yeti\u015fkinlerin ankete kat\u0131lan di\u011fer y\u00fcksek gelirli \u00fclkelerdeki insanlara g\u00f6re \u00fclkelerinin tarihsel olarak bask\u0131n din\u00ee metinin (bu durumda \u0130ncil) <em>\u015fu anda<\/em> ulusal yasalar \u00fczerinde b\u00fcy\u00fck veya bir miktar etkisi oldu\u011funu s\u00f6yleme olas\u0131l\u0131klar\u0131 daha y\u00fcksektir. Ayr\u0131ca ABD halk\u0131 di\u011fer y\u00fcksek gelirli \u00fclkelerdeki insanlara k\u0131yasla \u0130ncil\u2019in (yine di\u011fer \u00fclkelerde sorulan kutsal metinlere k\u0131yasla) bu t\u00fcr bir etkiye sahip olmas\u0131 <em>gerekti\u011fini<\/em> s\u00f6ylemeye daha meyillidirler.<\/p>\n\n\n\n<p class=\"wp-block-paragraph\">T\u00fcrklerin b\u00fcy\u00fck \u00e7o\u011funlu\u011fu dinin topluma yard\u0131mc\u0131 oldu\u011funu (%84) ve ho\u015fg\u00f6r\u00fcy\u00fc te\u015fvik etti\u011fini (%90) s\u00f6yl\u00fcyor. \u00dc\u00e7te ikisi ayn\u0131 zamanda T\u00fcrkiye\u2019nin hem M\u00fcsl\u00fcman hem de demokratik bir devlet olabilece\u011fini d\u00fc\u015f\u00fcn\u00fcyor. Ancak Kuran\u2019\u0131 sordu\u011fumuz di\u011fer \u00fclkelerle kar\u015f\u0131la\u015ft\u0131r\u0131ld\u0131\u011f\u0131nda T\u00fcrkiye\u2019de Kuran\u2019\u0131n ulusal yasay\u0131 etkilemesini isteyen kesim \u00e7ok daha az. Asl\u0131nda yeti\u015fkinlerin y\u00fczde 31\u2019i \u0130slam dininin kutsal kitab\u0131n\u0131n T\u00fcrk hukuku \u00fczerinde <em>hi\u00e7bir<\/em> etkisinin olmamas\u0131 gerekti\u011fini d\u00fc\u015f\u00fcn\u00fcyor.<\/p>\n\n\n\n<p class=\"wp-block-paragraph\">Ankete kat\u0131lan ve M\u00fcsl\u00fcman n\u00fcfusun bask\u0131n oldu\u011fu di\u011fer \u00fclkelerin aksine, M\u00fcsl\u00fcman T\u00fcrklerin yaln\u0131zca %32\u2019si \u015feriat\u0131n veya \u0130slam hukukunun \u00fclkelerindeki M\u00fcsl\u00fcmanlar i\u00e7in resm\u00ee yasa olmas\u0131 fikrini k\u0131smen veya g\u00fc\u00e7l\u00fc bir \u015fekilde desteklerken, neredeyse yar\u0131s\u0131 (%48\u2019lik bir \u00e7o\u011funluk) buna g\u00fc\u00e7l\u00fc bir \u015fekilde <em>kar\u015f\u0131 \u00e7\u0131k\u0131yor<\/em>.<\/p>\n\n\n\n<p class=\"wp-block-paragraph\"><em>(&#8220;Dini milliyet\u00e7ileri&#8221; (Religious nationalists) nas\u0131l s\u0131n\u0131fland\u0131rd\u0131\u011f\u0131m\u0131z ve farkl\u0131 dinler ve dini metinler hakk\u0131nda nas\u0131l sorular sordu\u011fumuz hakk\u0131nda daha fazla bilgi.)<\/em><\/p>\n\n\n\n<p class=\"wp-block-paragraph\">Ek bulgular:<\/p>\n\n\n\n<p class=\"wp-block-paragraph\"><strong>Dinin toplum \u00fczerindeki etkisi<\/strong><strong><\/strong><\/p>\n\n\n\n<ul class=\"wp-block-list\">\n<li><strong>D\u00fcnya genelinde dine ili\u015fkin g\u00f6r\u00fc\u015fler <a href=\"https:\/\/alpha.pewresearch.org\/pewresearch-org\/global\/2025\/01\/28\/comparing-levels-of-religious-nationalism-around-the-world\/pg_2025-01-28_comp-rel-nat_0_03\/\">genel olarak olumludur<\/a><\/strong>\u00a0<strong>ancak orta gelirli \u00fclkelerde bu durum daha da ge\u00e7erlidir. <\/strong>Ankete kat\u0131lan 18 orta gelirli \u00fclkedeki kat\u0131l\u0131mc\u0131lar\u0131n ortalama %87\u2019si, ankete kat\u0131lan 18 y\u00fcksek gelirli \u00fclkedeki kat\u0131l\u0131mc\u0131lar\u0131n ise ortalama %56\u2019s\u0131 dinin topluma b\u00fcy\u00fck \u00f6l\u00e7\u00fcde yard\u0131mc\u0131 oldu\u011funu s\u00f6yl\u00fcyor.<\/li>\n\n\n\n<li><strong>\u0130nsanlar ayr\u0131ca b\u00fcy\u00fck \u00f6l\u00e7\u00fcde dinin ho\u015fg\u00f6r\u00fcs\u00fczl\u00fckten ziyade ho\u015fg\u00f6r\u00fcy\u00fc te\u015fvik etti\u011fini d\u00fc\u015f\u00fcn\u00fcyorlar. <\/strong>\n<ul style=\"--block-gap: inherit;\" class=\"wp-block-list\">\n<li>Ancak orta gelirli \u00fclkelerdeki insanlar\u0131n, y\u00fcksek gelirli \u00fclkelerdeki insanlara k\u0131yasla dinin ho\u015fg\u00f6r\u00fcy\u00fc te\u015fvik etti\u011fini s\u00f6yleme olas\u0131l\u0131klar\u0131 daha y\u00fcksek. \u0130sve\u00e7, Almanya, Hollanda, Birle\u015fik Krall\u0131k ve Avustralya\u2019daki k\u00fc\u00e7\u00fck bir \u00e7o\u011funluk ise dinin <em>ho\u015fg\u00f6r\u00fcs\u00fczl\u00fc\u011f\u00fc<\/em> te\u015fvik etti\u011fini s\u00f6yl\u00fcyor.<\/li>\n<\/ul>\n<\/li>\n\n\n\n<li><strong>D\u00fcnya genelinde dinin bat\u0131l d\u00fc\u015f\u00fcnceyi te\u015fvik edip etmedi\u011fi konusunda insanlar ikiye b\u00f6l\u00fcnm\u00fc\u015f durumda. <\/strong>36 \u00fclkenin tamam\u0131nda ortalama %52\u2019lik bir kesim bat\u0131l d\u00fc\u015f\u00fcnceyi te\u015fvik etmedi\u011fini s\u00f6ylerken, %42\u2019si ise te\u015fvik etti\u011fini s\u00f6yl\u00fcyor.<\/li>\n<\/ul>\n\n\n\n<p class=\"wp-block-paragraph\"><strong>Ulusal liderler ve dinle ba\u011flant\u0131lar\u0131 <\/strong><strong><\/strong><\/p>\n\n\n\n<ul class=\"wp-block-list\">\n<li><strong>Bir\u00e7ok \u00fclkede, insanlar\u0131n din\u00ee inan\u00e7lar\u0131n\u0131 savunan bir lidere sahip olmak, kendi din\u00ee inan\u00e7lar\u0131n\u0131 payla\u015fan bir lidere sahip olmaktan daha \u00f6nemli g\u00f6r\u00fcl\u00fcyor.<\/strong>\n<ul style=\"--block-gap: inherit;\" class=\"wp-block-list\">\n<li>Bu sorular\u0131 sordu\u011fumuz 35 \u00fclkedeki kat\u0131l\u0131mc\u0131lar\u0131n ortalama %30\u2019u, din\u00ee inan\u00e7lar\u0131 olan insanlar\u0131n haklar\u0131n\u0131 savunan bir lidere sahip olman\u0131n \u00e7ok \u00f6nemli oldu\u011funu d\u00fc\u015f\u00fcn\u00fcyor. Ortalama %22\u2019lik bir kesim, bir liderin kendi din\u00ee inan\u00e7lar\u0131n\u0131 payla\u015fmas\u0131n\u0131n \u00e7ok \u00f6nemli oldu\u011funu d\u00fc\u015f\u00fcn\u00fcyor.<\/li>\n<\/ul>\n<\/li>\n<\/ul>\n\n\n\n<p class=\"wp-block-paragraph\"><strong>Din ve ulusal kimlik <\/strong><strong><\/strong><\/p>\n\n\n\n<ul class=\"wp-block-list\">\n<li><strong>\u0130nsanlar\u0131n dinin ulusal kimlik a\u00e7\u0131s\u0131ndan \u00f6nemine ili\u015fkin g\u00f6r\u00fc\u015fleri b\u00fcy\u00fck \u00f6l\u00e7\u00fcde farkl\u0131l\u0131klar g\u00f6steriyor. <\/strong>\u00d6rne\u011fin Tunus\u2019ta ankete kat\u0131lanlar\u0131n %86\u2019s\u0131 ger\u00e7ek anlamda Tunuslu olmak i\u00e7in M\u00fcsl\u00fcman olman\u0131n \u00e7ok \u00f6nemli oldu\u011funu s\u00f6ylerken, \u0130sve\u00e7\u2019te ise %3\u2019\u00fc ger\u00e7ek anlamda \u0130sve\u00e7li olmak i\u00e7in Hristiyan olman\u0131n \u00e7ok \u00f6nemli oldu\u011funu s\u00f6yl\u00fcyor.<\/li>\n\n\n\n<li><b>Orta gelirli \u00fclkelerdeki b\u00fcy\u00fck bir kesim, <\/b><a href=\"https:\/\/alpha.pewresearch.org\/pewresearch-org\/global\/2025\/01\/28\/how-important-is-following-a-specific-religion-to-national-belonging\/pg_2025-01-28_comp-rel-nat_3_01\/\"><b>\u00fclkelerinde tarihsel olarak bask\u0131n olan dine mensup olman\u0131n, ulusal kimli\u011fi ger\u00e7ek anlamda payla\u015fmak a\u00e7\u0131s\u0131ndan \u00e7ok \u00f6nemli<\/b><\/a> <strong>oldu\u011funu s\u00f6yl\u00fcyor<\/strong>. Ancak y\u00fcksek gelirli \u00fclkelerde pek \u00e7ok ki\u015fi dinin ulusal kimlik a\u00e7\u0131s\u0131ndan hi\u00e7 \u00f6nemli olmad\u0131\u011f\u0131n\u0131 s\u00f6yl\u00fcyor.\n<ul style=\"--block-gap: inherit;\" class=\"wp-block-list\">\n<li>\u0130srail, ankete kat\u0131lanlar\u0131n en az\u0131ndan \u00fc\u00e7te birinin bask\u0131n dine (bu durumda Yahudilik) ba\u011fl\u0131 olman\u0131n ulusal kimli\u011fin \u00e7ok \u00f6nemli bir unsuru oldu\u011funu s\u00f6yledi\u011fi tek y\u00fcksek gelirli \u00fclke olarak \u00f6ne \u00e7\u0131k\u0131yor. Ankete kat\u0131lan di\u011fer y\u00fcksek gelirli \u00fclkelerin ise d\u00f6rtte birinden az\u0131 bu g\u00f6r\u00fc\u015fe kat\u0131l\u0131yor.<\/li>\n<\/ul>\n<\/li>\n\n\n\n<li><strong>Baz\u0131 Avrupa \u00fclkelerinde sa\u011fc\u0131 pop\u00fclist partilerin taraftarlar\u0131n\u0131n, taraftar olmayanlara g\u00f6re dine<\/strong> ulusal kimli\u011fin \u00f6nemli bir unsuru olarak <strong>\u00f6nem verme olas\u0131l\u0131klar\u0131 daha y\u00fcksek<\/strong>. Bunlar\u0131n aras\u0131nda Fransa, Macaristan, \u0130talya, Polonya, \u0130spanya ve Birle\u015fik Krall\u0131k\u2019taki pop\u00fclist parti taraftarlar\u0131 da yer al\u0131yor.<\/li>\n\n\n\n<li>Orta gelirli \u00fclkelerde bile, tarihsel olarak bask\u0131n olan dine mensup olmak genellikle o \u00fclkede do\u011fmak, \u00fclkenin gelenek ve g\u00f6reneklerini payla\u015fmak ve \u00f6zellikle yerel dili konu\u015fmak gibi sorulan di\u011fer fakt\u00f6rlere k\u0131yasla ulusal kimlik a\u00e7\u0131s\u0131ndan daha az \u00f6nemli g\u00f6r\u00fcl\u00fcyor. Bu g\u00f6r\u00fc\u015fler hakk\u0131nda daha fazla bilgi i\u00e7in <a href=\"https:\/\/alpha.pewresearch.org\/pewresearch-org\/short-reads\/2025\/01\/28\/what-makes-someone-truly-belong-in-a-country-views-differ-on-importance-of-language-birthplace-and-other-factors\/\">[Bir insan\u0131 &#8220;ger\u00e7ekten&#8221; bir \u00fclkeye ait k\u0131lan \u015fey nedir?]<\/a> makalesine bakabilirsiniz.\n<ul style=\"--block-gap: inherit;\" class=\"wp-block-list\">\n<li>Di\u011fer y\u00fcksek gelirli \u00fclkelerdeki insanlarla kar\u015f\u0131la\u015ft\u0131r\u0131ld\u0131\u011f\u0131nda Amerikal\u0131lar, ger\u00e7ek anlamda bir Amerikal\u0131 olmak i\u00e7in neyin \u00f6nemli oldu\u011funa dair de\u011ferlendirmeler s\u00f6z konusu oldu\u011funda ideolojik a\u00e7\u0131dan \u00f6zellikle b\u00f6l\u00fcnm\u00fc\u015f durumdalar.<\/li>\n<\/ul>\n<\/li>\n<\/ul>\n\n\n\n<p class=\"wp-block-paragraph\"><strong>Din\u00ee metinlerin ulusal yasalar \u00fczerindeki etkisi <\/strong><strong><\/strong><\/p>\n\n\n\n<ul class=\"wp-block-list\">\n<li><strong>Ankete kat\u0131lan orta gelirli \u00fclkelerin \u00e7o\u011funda yeti\u015fkinlerin \u00e7o\u011funlu\u011fu, din\u00ee metnin \u00fclkelerinin yasalar\u0131n\u0131 etkilemesi gerekti\u011fine inan\u0131yor.<\/strong> Bu, farkl\u0131 \u00fclkelerdeki insanlara farkl\u0131 metinler hakk\u0131nda soru sorulmas\u0131na ra\u011fmen genel olarak ge\u00e7erlili\u011fini s\u00fcrd\u00fcr\u00fcyor.\n<ul style=\"--block-gap: inherit;\" class=\"wp-block-list\">\n<li>Avustralya, Kanada, Almanya, Fransa, \u0130talya, Hollanda, \u0130spanya, \u0130sve\u00e7 ve Birle\u015fik Krall\u0131k gibi bir\u00e7ok y\u00fcksek gelirli \u00fclkede, n\u00fcfusun yakla\u015f\u0131k yar\u0131s\u0131 veya daha fazlas\u0131 \u0130ncil\u2019in \u00fclkelerinin yasalar\u0131 \u00fczerinde <em>hi\u00e7bir<\/em> etkisi olmamas\u0131 gerekti\u011fini s\u00f6yl\u00fcyor.<\/li>\n<\/ul>\n<\/li>\n\n\n\n<li><strong>\u00c7o\u011fu \u00fclkede, tarihsel olarak bask\u0131n olan dinin mensuplar\u0131n\u0131n, di\u011fer dinlere mensup insanlara k\u0131yasla kendi dinlerine ait metinlerin \u00fclke yasalar\u0131n\u0131 etkilemesi gerekti\u011fini s\u00f6yleme olas\u0131l\u0131klar\u0131 daha y\u00fcksek.<\/strong> \u00d6rne\u011fin Hindistan\u2019daki Hindular\u0131n %57\u2019si Hindu \u00f6\u011fretilerinin Hindistan yasalar\u0131 \u00fczerinde b\u00fcy\u00fck bir etkiye sahip olmas\u0131 gerekti\u011fini d\u00fc\u015f\u00fcn\u00fcrken, Hindistanl\u0131 M\u00fcsl\u00fcmanlar\u0131n sadece %26\u2019s\u0131 bu g\u00f6r\u00fc\u015f\u00fc payla\u015f\u0131yor.\n<ul style=\"--block-gap: inherit;\" class=\"wp-block-list\">\n<li>M\u00fcsl\u00fcman \u0130sraillilere (%5) g\u00f6re daha y\u00fcksek oranda Yahudi \u0130srailli (%19), Yahudi kutsal kitab\u0131n\u0131n \u0130srail yasalar\u0131 \u00fczerinde b\u00fcy\u00fck bir etkiye sahip olmas\u0131 gerekti\u011fini s\u00f6yleme e\u011filiminde. Ancak Haredi (\u201cultra Ortodoks\u201d) ve Dati (\u201cdindar\u201d) Yahudilerin yakla\u015f\u0131k yar\u0131s\u0131 (%52), Yahudi kutsal kitab\u0131n\u0131n \u0130srail yasas\u0131 \u00fczerinde b\u00fcy\u00fck bir etkiye sahip olmas\u0131n\u0131 isterken, Masorti (\u201cgeleneksel\u201d) Yahudilerin yaln\u0131zca %10\u2019u ve Hiloni (\u201claik\u201d) Yahudilerin %2\u2019si bu g\u00f6r\u00fc\u015fte.<\/li>\n<\/ul>\n<\/li>\n<\/ul>\n\n\n\n<p class=\"wp-block-paragraph\"><strong>Din\u00ee metinlere ili\u015fkin g\u00f6r\u00fc\u015fler<\/strong><strong><\/strong><\/p>\n\n\n\n<p class=\"wp-block-paragraph\">Tarihsel olarak bask\u0131n dinin kutsal metninin hukuk \u00fczerinde b\u00fcy\u00fck veya orta d\u00fczeyde bir etkiye sahip olmas\u0131 gerekti\u011fini s\u00f6yleyenlere \u015fu soru soruldu: Din\u00ee metin ile halk\u0131n iradesi \u00e7at\u0131\u015f\u0131rsa \u00fclkelerinin yasalar\u0131 \u00fczerinde hangisinin daha fazla etkiye sahip olmas\u0131 gerekir? <a href=\"https:\/\/alpha.pewresearch.org\/pewresearch-org\/global\/2025\/01\/28\/should-religious-texts-influence-national-laws\/pg_2025-01-28_comp-rel-nat_4_05\/\">G\u00f6r\u00fc\u015fler b\u00f6l\u00fcnm\u00fc\u015f durumda <\/a>ancak bir\u00e7ok \u00fclkede ideolojik olarak sa\u011f g\u00f6r\u00fc\u015fl\u00fc insanlar, sol g\u00f6r\u00fc\u015fl\u00fc insanlara g\u00f6re yasa yapma s\u00fcrecinde din\u00ee metinlerin halk\u0131n iradesinden daha \u00f6ncelikli olmas\u0131 gerekti\u011fini s\u00f6ylemeye daha yatk\u0131n.<\/p>\n\n\n\n<p class=\"wp-block-paragraph\">Bunlar, 5 Ocak &#8211; 22 May\u0131s 2024 tarihleri aras\u0131nda 36 \u00fclkede ger\u00e7ekle\u015ftirilen, yakla\u015f\u0131k 55.000 yeti\u015fkinin kat\u0131ld\u0131\u011f\u0131 ulusal d\u00fczeyde temsil\u00ee anketlere dayanan bir Pew Research Center raporunun temel bulgular\u0131 aras\u0131nda yer al\u0131yor.<\/p>\n\n\n\n<p class=\"wp-block-paragraph\">The Pew Charitable Trusts ve John Templeton Foundation taraf\u0131ndan finanse edilen bu analiz, d\u00fcnya \u00e7ap\u0131nda din\u00ee de\u011fi\u015fimleri ve bu de\u011fi\u015fimlerin toplumlar \u00fczerindeki etkilerini incelemeyi ama\u00e7layan Pew Research Center taraf\u0131ndan y\u00fcr\u00fct\u00fclen daha geni\u015f kapsaml\u0131 bir <a href=\"https:\/\/nam04.safelinks.protection.outlook.com\/?url=https%3A%2F%2Furldefense.com%2Fv3%2F__https%3A%2Fwww.pewresearch.org%2Ftopic%2Freligion%2Freligious-demographics%2Fpew-templeton-global-religious-futures-project%2F%3Futm_source%3DAdaptiveMailer%26utm_medium%3Demail%26utm_campaign%3D24-06-17*(GENERAL*DISTRO_US*%26*Intl)*REL*E.*Asia%26org%3D982%26lvl%3D100%26ite%3D14201%26lea%3D3539003%26ctr%3D0%26par%3D1%26trk%3Da0DQm0000022j9ZMAQ%26utm_source%3DAdaptiveMailer%26utm_medium%3Demail%26utm_campaign%3DREL*20-*2024-09-26*20Catholics*20in*20the*20Americas*20GEN*20DISTRO*20ENG*20Rel%26org%3D982%26lvl%3D100%26ite%3D14751%26lea%3D3821282%26ctr%3D0%26par%3D1%26trk%3Da0DQm000002sVX7MAM__%3BKysrKysrKyUlJSUlJSUlJSU!!GfxeEQ!Trv2XNnEEq9LqRFgkXRCHK1_fnh1_GCSvh_HMlwBqWa4FfulwKenb6zyBV0fmMIQ2OudTbVTNCS1hiAdzOc%24&amp;data=05%7C02%7Cgleong%40pewresearch.org%7C4adcbf33e04540498e0b08dd1f74ed81%7C95cf77fc02904b23b257df0a6fd7595d%7C0%7C0%7C638701309287476931%7CUnknown%7CTWFpbGZsb3d8eyJFbXB0eU1hcGkiOnRydWUsIlYiOiIwLjAuMDAwMCIsIlAiOiJXaW4zMiIsIkFOIjoiTWFpbCIsIldUIjoyfQ%3D%3D%7C0%7C%7C%7C&amp;sdata=y6wa7adA6KbnaaUCpLfDKl2THnc8sAQ%2FnXam5I6m7tg%3D&amp;reserved=0%22%20\\t%20%22_blank\">Pew-Templeton Global Religious Futures project<\/a>&nbsp;\u00e7al\u0131\u015fmas\u0131n\u0131n par\u00e7as\u0131d\u0131r.<\/p>\n\n\n\n<p class=\"wp-block-paragraph\"><strong>Raporun tamam\u0131n\u0131 okuyun (\u0130ngilizce):<\/strong> <a href=\"https:\/\/alpha.pewresearch.org\/pewresearch-org\/global\/2025\/01\/28\/comparing-levels-of-religious-nationalism-around-the-world\/\">https:\/\/alpha.pewresearch.org\/pewresearch-org\/global\/2025\/01\/28\/comparing-levels-of-religious-nationalism-around-the-world\/<\/a><\/p>\n\n\n\n<p class=\"wp-block-paragraph\"><strong>Ayr\u0131ca bkz.:<\/strong><strong><\/strong><\/p>\n\n\n\n<ul class=\"wp-block-list\">\n<li><a href=\"https:\/\/alpha.pewresearch.org\/pewresearch-org\/short-reads\/2025\/01\/28\/what-makes-someone-truly-belong-in-a-country-views-differ-on-importance-of-language-birthplace-and-other-factors\/\">Bir insan\u0131 &#8220;ger\u00e7ekten&#8221; bir \u00fclkeye ait k\u0131lan \u015fey nedir?<\/a><\/li>\n\n\n\n<li><a href=\"https:\/\/alpha.pewresearch.org\/pewresearch-org\/religion\/2024\/03\/15\/8-in-10-americans-say-religion-is-losing-influence-in-public-life\/\">10 Amerikal\u0131dan 8\u2019i Dinin Kamu Hayat\u0131ndaki Etkisini Kaybetti\u011fini S\u00f6yl\u00fcyor<\/a><\/li>\n\n\n\n<li><a href=\"https:\/\/alpha.pewresearch.org\/pewresearch-org\/religion\/2022\/10\/27\/45-of-americans-say-u-s-should-be-a-christian-nation\/\">Amerikal\u0131lar\u0131n %45\u2019i ABD\u2019nin \u201cHristiyan bir ulus\u201d olmas\u0131 gerekti\u011fini s\u00f6yl\u00fcyor<\/a><\/li>\n<\/ul>\n\n\n\n<p class=\"wp-block-paragraph\"><strong>Metodoloji:<\/strong><\/p>\n\n\n\n<ul class=\"wp-block-list\">\n<li><a href=\"https:\/\/alpha.pewresearch.org\/pewresearch-org\/global\/2025\/01\/28\/methodology-comp-rel-nat\/\"><strong>Rapor metodolojisi<\/strong><\/a><\/li>\n\n\n\n<li><a href=\"https:\/\/alpha.pewresearch.org\/pewresearch-org\/global\/2025\/01\/28\/methodology-comp-rel-nat\/#religious-nationalism-index\"><strong>\u201cDin\u00ee milliyet\u00e7ileri\u201d (religious nationalists) nas\u0131l s\u0131n\u0131fland\u0131r\u0131yoruz?<\/strong><\/a><\/li>\n\n\n\n<li><a href=\"https:\/\/alpha.pewresearch.org\/pewresearch-org\/global\/2025\/01\/28\/comparing-levels-of-religious-nationalism-around-the-world\/#how-we-asked-about-different-religions-and-religious-texts\"><strong>Farkl\u0131 dinler ve din\u00ee kitaplar hakk\u0131nda nas\u0131l sorular sorduk?<\/strong><\/a><\/li>\n<\/ul>\n\n\n\n<p class=\"wp-block-paragraph\"><strong>Anketin man\u015feti:<\/strong> <a href=\"https:\/\/alpha.pewresearch.org\/pewresearch-org\/wp-content\/uploads\/sites\/20\/2025\/01\/pg_2025.01.28_comp-rel-nat_topline.pdf\">https:\/\/alpha.pewresearch.org\/pewresearch-org\/wp-content\/uploads\/sites\/20\/2025\/01\/pg_2025.01.28_comp-rel-nat_topline.pdf<\/a><\/p>\n\n\n\n<p class=\"wp-block-paragraph\"><a id=\"_msocom_1\"><\/a><\/p>\n","protected":false},"excerpt":{"rendered":"<p>Bu bas\u0131n b\u00fclteni orijinal \u0130ngilizceden T\u00fcrk\u00e7eye \u00e7evrilmi\u015ftir. Otuz alt\u0131 \u00fclkeyi kapsayan yeni bir Pew Research Center anketinde orta gelirli \u00fclkelerde ya\u015fayan insanlar\u0131n y\u00fcksek gelirli \u00fclkelerde ya\u015fayan insanlara g\u00f6re \u201cdin\u00ee milliyet\u00e7i\u201d (religious nationalists) olma olas\u0131l\u0131klar\u0131n\u0131n daha y\u00fcksek oldu\u011fu bulundu. Ancak din\u00ee milliyet\u00e7iler anket yap\u0131lan hi\u00e7bir \u00fclkede n\u00fcfusun \u00e7o\u011funlu\u011funu olu\u015fturmuyordu. Bu raporda, anketimizde dinin ulusal kimlik ve [&hellip;]<\/p>\n","protected":false},"author":648,"featured_media":0,"comment_status":"closed","ping_status":"closed","sticky":false,"template":"","format":"standard","meta":{"_crdt_document":"","sub_headline":"<em>K\u00fcresel standartlara g\u00f6re ABD\u2019de dini milliyet\u00e7ilik nispeten d\u00fc\u015f\u00fck d\u00fczeydedir ancak di\u011fer y\u00fcksek gelirli \u00fclkelere k\u0131yasla \u00f6ne \u00e7\u0131kmaktad\u0131r<\/em>","sub_title":"","_prc_public_revisions":[],"_ppp_expiration_hours":0,"_ppp_enabled":false,"ai_generated_summary":"","bylines":[],"acknowledgements":[],"displayBylines":true,"prc_watchers":[],"relatedPosts":[],"reportMaterials":[],"multiSectionReport":[],"package_parts__enabled":false,"package_parts":[],"_prc_fork_parent":0,"_prc_fork_status":"","_prc_active_fork":0,"datacite_doi":"","datacite_doi_citation":"","_prc_seo_qr_attachment_id":0,"spoken_article_player_enabled":true,"footnotes":""},"categories":[],"tags":[],"bylines":[],"collection":[],"datasets":[],"level_of_effort":[],"primary_audience":[],"information_type":[],"_post_visibility":[2643],"formats":[466],"_fund_pool":[],"languages":[],"regions-countries":[],"research-teams":[],"workflow-status":[],"class_list":["post-197939","post","type-post","status-publish","format-standard","hentry","_post_visibility-hidden-on-index","formats-press-release"],"label":false,"post_parent":0,"word_count":1665,"canonical_url":"https:\/\/alpha.pewresearch.org\/pewresearch-org\/2025\/01\/28\/turkish-press-release-comp-rel-nat\/","art_direction":false,"_embeds":[],"watchers":[],"table_of_contents":[],"report_materials":[],"report_pagination":{"current_post":null,"next_post":null,"previous_post":null,"pagination_items":[]},"parent_info":{"parent_title":"D\u00fcnya \u00c7ap\u0131nda Din\u00ee Milliyet\u00e7ilik D\u00fczeylerinin Kar\u015f\u0131la\u015ft\u0131r\u0131lmas\u0131","parent_id":197939},"materialsOrdered":[],"chaptersOrdered":[],"partsOrdered":[],"partsEnabled":false,"datacite_doi":"","prc_seo_data":{"title":"D\u00fcnya \u00c7ap\u0131nda Din\u00ee Milliyet\u00e7ilik D\u00fczeylerinin Kar\u015f\u0131la\u015ft\u0131r\u0131lmas\u0131","description":"Bu bas\u0131n b\u00fclteni orijinal \u0130ngilizceden T\u00fcrk\u00e7eye \u00e7evrilmi\u015ftir. Otuz alt\u0131 \u00fclkeyi kapsayan yeni bir Pew Research Center anketinde orta gelirli \u00fclkelerde ya\u015fayan insanlar\u0131n y\u00fcksek gelirli \u00fclkelerde ya\u015fayan insanlara g\u00f6re \u201cdin\u00ee milliyet\u00e7i\u201d&hellip;","og_title":"D\u00fcnya \u00c7ap\u0131nda Din\u00ee Milliyet\u00e7ilik D\u00fczeylerinin Kar\u015f\u0131la\u015ft\u0131r\u0131lmas\u0131","og_description":"Bu bas\u0131n b\u00fclteni orijinal \u0130ngilizceden T\u00fcrk\u00e7eye \u00e7evrilmi\u015ftir. Otuz alt\u0131 \u00fclkeyi kapsayan yeni bir Pew Research Center anketinde orta gelirli \u00fclkelerde ya\u015fayan insanlar\u0131n y\u00fcksek gelirli \u00fclkelerde ya\u015fayan insanlara g\u00f6re \u201cdin\u00ee milliyet\u00e7i\u201d&hellip;","schema_type":"Article","noindex":false,"canonical_url":"","primary_terms":{"formats":466},"custom_schema":[],"og_image":0,"indexnow_submitted_at":null,"gsc_index_status":null},"prepublish_checks":{"prc-image-alt-text":{"status":"complete","message":"No image blocks in content.","data":null},"prc-about-this-research":{"status":"incomplete","message":"Add an \"About this research\" details block.","data":null},"prc-paragraph-count":{"status":"complete","message":"Found 20 paragraphs.","data":{"count":20}},"prc-internal-link":{"status":"complete","message":"Found 14 internal links.","data":{"count":14}}},"jetpack_featured_media_url":"","jetpack_sharing_enabled":true,"relatedPostsOrdered":[],"bylinesOrdered":[],"acknowledgementsOrdered":[],"_links":{"self":[{"href":"https:\/\/alpha.pewresearch.org\/pewresearch-org\/wp-json\/wp\/v2\/posts\/197939","targetHints":{"allow":["GET"]}}],"collection":[{"href":"https:\/\/alpha.pewresearch.org\/pewresearch-org\/wp-json\/wp\/v2\/posts"}],"about":[{"href":"https:\/\/alpha.pewresearch.org\/pewresearch-org\/wp-json\/wp\/v2\/types\/post"}],"author":[{"embeddable":true,"href":"https:\/\/alpha.pewresearch.org\/pewresearch-org\/wp-json\/wp\/v2\/users\/648"}],"replies":[{"embeddable":true,"href":"https:\/\/alpha.pewresearch.org\/pewresearch-org\/wp-json\/wp\/v2\/comments?post=197939"}],"version-history":[{"count":15,"href":"https:\/\/alpha.pewresearch.org\/pewresearch-org\/wp-json\/wp\/v2\/posts\/197939\/revisions"}],"predecessor-version":[{"id":223741,"href":"https:\/\/alpha.pewresearch.org\/pewresearch-org\/wp-json\/wp\/v2\/posts\/197939\/revisions\/223741"}],"wp:attachment":[{"href":"https:\/\/alpha.pewresearch.org\/pewresearch-org\/wp-json\/wp\/v2\/media?parent=197939"}],"wp:term":[{"taxonomy":"category","embeddable":true,"href":"https:\/\/alpha.pewresearch.org\/pewresearch-org\/wp-json\/wp\/v2\/categories?post=197939"},{"taxonomy":"post_tag","embeddable":true,"href":"https:\/\/alpha.pewresearch.org\/pewresearch-org\/wp-json\/wp\/v2\/tags?post=197939"},{"taxonomy":"bylines","embeddable":true,"href":"https:\/\/alpha.pewresearch.org\/pewresearch-org\/wp-json\/wp\/v2\/bylines?post=197939"},{"taxonomy":"collection","embeddable":true,"href":"https:\/\/alpha.pewresearch.org\/pewresearch-org\/wp-json\/wp\/v2\/collection?post=197939"},{"taxonomy":"datasets","embeddable":true,"href":"https:\/\/alpha.pewresearch.org\/pewresearch-org\/wp-json\/wp\/v2\/datasets?post=197939"},{"taxonomy":"level_of_effort","embeddable":true,"href":"https:\/\/alpha.pewresearch.org\/pewresearch-org\/wp-json\/wp\/v2\/level_of_effort?post=197939"},{"taxonomy":"primary_audience","embeddable":true,"href":"https:\/\/alpha.pewresearch.org\/pewresearch-org\/wp-json\/wp\/v2\/primary_audience?post=197939"},{"taxonomy":"information_type","embeddable":true,"href":"https:\/\/alpha.pewresearch.org\/pewresearch-org\/wp-json\/wp\/v2\/information_type?post=197939"},{"taxonomy":"_post_visibility","embeddable":true,"href":"https:\/\/alpha.pewresearch.org\/pewresearch-org\/wp-json\/wp\/v2\/_post_visibility?post=197939"},{"taxonomy":"formats","embeddable":true,"href":"https:\/\/alpha.pewresearch.org\/pewresearch-org\/wp-json\/wp\/v2\/formats?post=197939"},{"taxonomy":"_fund_pool","embeddable":true,"href":"https:\/\/alpha.pewresearch.org\/pewresearch-org\/wp-json\/wp\/v2\/_fund_pool?post=197939"},{"taxonomy":"languages","embeddable":true,"href":"https:\/\/alpha.pewresearch.org\/pewresearch-org\/wp-json\/wp\/v2\/languages?post=197939"},{"taxonomy":"regions-countries","embeddable":true,"href":"https:\/\/alpha.pewresearch.org\/pewresearch-org\/wp-json\/wp\/v2\/regions-countries?post=197939"},{"taxonomy":"research-teams","embeddable":true,"href":"https:\/\/alpha.pewresearch.org\/pewresearch-org\/wp-json\/wp\/v2\/research-teams?post=197939"},{"taxonomy":"workflow-status","embeddable":true,"href":"https:\/\/alpha.pewresearch.org\/pewresearch-org\/wp-json\/wp\/v2\/workflow-status?post=197939"}],"curies":[{"name":"wp","href":"https:\/\/api.w.org\/{rel}","templated":true}]}}