{"id":189295,"date":"2024-10-16T09:56:36","date_gmt":"2024-10-16T13:59:33","guid":{"rendered":"https:\/\/alpha.pewresearch.org\/pewresearch-org\/?p=189295"},"modified":"2025-08-08T14:44:04","modified_gmt":"2025-08-08T18:44:04","slug":"how-people-in-turkey-view-societal-conflicts-and-institutions-in-their-country","status":"publish","type":"post","link":"https:\/\/alpha.pewresearch.org\/pewresearch-org\/global\/2024\/10\/16\/how-people-in-turkey-view-societal-conflicts-and-institutions-in-their-country\/","title":{"rendered":"3. How people in Turkey view societal conflicts and institutions in their country"},"content":{"rendered":"\n<p class=\"wp-block-paragraph\">Turkish adults see various conflicts among different groups in their society. Majorities say there are conflicts between people who support different political parties (77%) and between people with different ethnic backgrounds (59%).<\/p>\n\n\n\n<figure class=\"wp-block-image alignright size-420-wide\"><a href=\"https:\/\/alpha.pewresearch.org\/pewresearch-org\/?attachment_id=189338\"><img data-dominant-color=\"e3e6e5\" data-has-transparency=\"false\" style=\"--dominant-color: #e3e6e5;\" loading=\"lazy\" decoding=\"async\" sizes=\"auto, (max-width: 420px) 100vw, 420px\" height=\"396\" width=\"420\" src=\"https:\/\/alpha.pewresearch.org\/pewresearch-org\/wp-content\/uploads\/sites\/20\/2024\/10\/pg_2024.10.16_turkey_3_01.png?w=420\" alt=\"A bar chart showing that Most in Turkey see strong conflicts between people who support different political parties\" class=\"wp-image-189338 not-transparent\" srcset=\"https:\/\/alpha.pewresearch.org\/pewresearch-org\/wp-content\/uploads\/sites\/20\/2024\/10\/pg_2024.10.16_turkey_3_01.png 840w, https:\/\/alpha.pewresearch.org\/pewresearch-org\/wp-content\/uploads\/sites\/20\/2024\/10\/pg_2024.10.16_turkey_3_01.png?resize=300,283 300w, https:\/\/alpha.pewresearch.org\/pewresearch-org\/wp-content\/uploads\/sites\/20\/2024\/10\/pg_2024.10.16_turkey_3_01.png?resize=768,724 768w, https:\/\/alpha.pewresearch.org\/pewresearch-org\/wp-content\/uploads\/sites\/20\/2024\/10\/pg_2024.10.16_turkey_3_01.png?resize=430,405 430w, https:\/\/alpha.pewresearch.org\/pewresearch-org\/wp-content\/uploads\/sites\/20\/2024\/10\/pg_2024.10.16_turkey_3_01.png?resize=200,189 200w, https:\/\/alpha.pewresearch.org\/pewresearch-org\/wp-content\/uploads\/sites\/20\/2024\/10\/pg_2024.10.16_turkey_3_01.png?resize=260,245 260w, https:\/\/alpha.pewresearch.org\/pewresearch-org\/wp-content\/uploads\/sites\/20\/2024\/10\/pg_2024.10.16_turkey_3_01.png?resize=310,292 310w, https:\/\/alpha.pewresearch.org\/pewresearch-org\/wp-content\/uploads\/sites\/20\/2024\/10\/pg_2024.10.16_turkey_3_01.png?resize=420,396 420w, https:\/\/alpha.pewresearch.org\/pewresearch-org\/wp-content\/uploads\/sites\/20\/2024\/10\/pg_2024.10.16_turkey_3_01.png?resize=640,603 640w, https:\/\/alpha.pewresearch.org\/pewresearch-org\/wp-content\/uploads\/sites\/20\/2024\/10\/pg_2024.10.16_turkey_3_01.png?resize=740,698 740w, https:\/\/alpha.pewresearch.org\/pewresearch-org\/wp-content\/uploads\/sites\/20\/2024\/10\/pg_2024.10.16_turkey_3_01.png?resize=160,151 160w, https:\/\/alpha.pewresearch.org\/pewresearch-org\/wp-content\/uploads\/sites\/20\/2024\/10\/pg_2024.10.16_turkey_3_01.png?resize=320,302 320w\" \/><\/a><\/figure>\n\n\n\n<p class=\"wp-block-paragraph\">Opinions are more mixed in the majority-Muslim nation when it comes to conflicts between people who practice different religions, with 47% saying there are strong religious conflicts and 51% saying there are generally not. Notably, Turkish Muslims who pray less than weekly are somewhat more likely than those who pray five salah daily to say there <em>are <\/em>conflicts between people of different religions.<\/p>\n\n\n\n<p class=\"wp-block-paragraph\">Fewer see conflicts between people who live in cities and people who live in rural areas. Only about a quarter of Turkish adults (26%) say there are strong conflicts of this nature.<\/p>\n\n\n\n<p class=\"wp-block-paragraph\">Turkish adults with lower incomes are more likely than those with higher incomes to say there are strong urban-rural conflicts in Turkey (+22 points, though higher-income adults were less likely to respond to the question). Those with lower incomes are also more likely to see strong religious conflicts (+18) and ethnic conflicts (+13).<\/p>\n\n\n\n<p class=\"wp-block-paragraph\">Turkish adults who hold a favorable opinion of Erdo\u011fan are less likely than Turks with an unfavorable view of the president to report strong religious (-12), political (-11) and ethnic (-9) conflicts in their society.<\/p>\n\n\n\n<h3 data-is-section=\"true\" data-wp-context=\"{&quot;id&quot;:&quot;views-of-institutions&quot;}\" data-wp-interactive=\"{&quot;namespace&quot;:&quot;prc-block\\\/table-of-contents&quot;}\" class=\"wp-block-heading\" id=\"views-of-institutions\">Views of institutions<\/h3>\n\n\n\n<p class=\"wp-block-paragraph\">Majorities of Turkish adults say the police (78%) and the military (62%) have a good influence in the country, making these the only two institutions or organizations we asked about that at least half of the public sees positively.<\/p>\n\n\n\n<figure class=\"wp-block-image alignright size-420-wide\"><a href=\"https:\/\/alpha.pewresearch.org\/pewresearch-org\/?attachment_id=189341\"><img data-dominant-color=\"e1e5e5\" data-has-transparency=\"false\" style=\"--dominant-color: #e1e5e5;\" loading=\"lazy\" decoding=\"async\" sizes=\"auto, (max-width: 420px) 100vw, 420px\" height=\"434\" width=\"420\" src=\"https:\/\/alpha.pewresearch.org\/pewresearch-org\/wp-content\/uploads\/sites\/20\/2024\/10\/pg_2024.10.16_turkey_3_02.png?w=420\" alt=\"A bar chart showing that Majorities of Turks say the police and military have a positive influence\" class=\"wp-image-189341 not-transparent\" srcset=\"https:\/\/alpha.pewresearch.org\/pewresearch-org\/wp-content\/uploads\/sites\/20\/2024\/10\/pg_2024.10.16_turkey_3_02.png 840w, https:\/\/alpha.pewresearch.org\/pewresearch-org\/wp-content\/uploads\/sites\/20\/2024\/10\/pg_2024.10.16_turkey_3_02.png?resize=290,300 290w, https:\/\/alpha.pewresearch.org\/pewresearch-org\/wp-content\/uploads\/sites\/20\/2024\/10\/pg_2024.10.16_turkey_3_02.png?resize=768,794 768w, https:\/\/alpha.pewresearch.org\/pewresearch-org\/wp-content\/uploads\/sites\/20\/2024\/10\/pg_2024.10.16_turkey_3_02.png?resize=392,405 392w, https:\/\/alpha.pewresearch.org\/pewresearch-org\/wp-content\/uploads\/sites\/20\/2024\/10\/pg_2024.10.16_turkey_3_02.png?resize=200,207 200w, https:\/\/alpha.pewresearch.org\/pewresearch-org\/wp-content\/uploads\/sites\/20\/2024\/10\/pg_2024.10.16_turkey_3_02.png?resize=260,269 260w, https:\/\/alpha.pewresearch.org\/pewresearch-org\/wp-content\/uploads\/sites\/20\/2024\/10\/pg_2024.10.16_turkey_3_02.png?resize=310,320 310w, https:\/\/alpha.pewresearch.org\/pewresearch-org\/wp-content\/uploads\/sites\/20\/2024\/10\/pg_2024.10.16_turkey_3_02.png?resize=420,434 420w, https:\/\/alpha.pewresearch.org\/pewresearch-org\/wp-content\/uploads\/sites\/20\/2024\/10\/pg_2024.10.16_turkey_3_02.png?resize=640,661 640w, https:\/\/alpha.pewresearch.org\/pewresearch-org\/wp-content\/uploads\/sites\/20\/2024\/10\/pg_2024.10.16_turkey_3_02.png?resize=740,765 740w, https:\/\/alpha.pewresearch.org\/pewresearch-org\/wp-content\/uploads\/sites\/20\/2024\/10\/pg_2024.10.16_turkey_3_02.png?resize=160,165 160w, https:\/\/alpha.pewresearch.org\/pewresearch-org\/wp-content\/uploads\/sites\/20\/2024\/10\/pg_2024.10.16_turkey_3_02.png?resize=320,331 320w\" \/><\/a><\/figure>\n\n\n\n<p class=\"wp-block-paragraph\">Most Turks say the court system, religious leaders and the media (including television, newspapers and magazines) have a bad influence in the country. About a quarter or more, in fact, say the influence of each of these is <em>very<\/em> bad.<\/p>\n\n\n\n<p class=\"wp-block-paragraph\">Large companies from other countries, as well as banks and other financial institutions, get the most negative ratings. For example, around three-quarters of Turks (73%) say banks have a bad influence on the country.<\/p>\n\n\n\n<p class=\"wp-block-paragraph\"><strong><em>Related:<\/em><\/strong><em> <\/em><a href=\"https:\/\/alpha.pewresearch.org\/pewresearch-org\/short-reads\/2024\/06\/07\/economic-ratings-across-34-countries-are-more-negative-than-positive\/\"><em>83% of Turks say their country\u2019s current economic situation is bad<\/em><\/a><strong><em><u><\/u><\/em><\/strong><\/p>\n\n\n\n<h4 class=\"wp-block-heading\" id=\"views-over-time\">Views over time<\/h4>\n\n\n\n<figure class=\"wp-block-image alignright size-310-wide\"><a href=\"https:\/\/alpha.pewresearch.org\/pewresearch-org\/?attachment_id=189340\"><img data-dominant-color=\"f0f0f0\" data-has-transparency=\"false\" style=\"--dominant-color: #f0f0f0;\" loading=\"lazy\" decoding=\"async\" sizes=\"auto, (max-width: 310px) 100vw, 310px\" height=\"568\" width=\"310\" src=\"https:\/\/alpha.pewresearch.org\/pewresearch-org\/wp-content\/uploads\/sites\/20\/2024\/10\/pg_2024.10.16_turkey_3_03.png?w=310\" alt=\"A dot plot showing that Fewer Turks see several institutions as having a good influence today than in 2017\" class=\"wp-image-189340 not-transparent\" srcset=\"https:\/\/alpha.pewresearch.org\/pewresearch-org\/wp-content\/uploads\/sites\/20\/2024\/10\/pg_2024.10.16_turkey_3_03.png 620w, https:\/\/alpha.pewresearch.org\/pewresearch-org\/wp-content\/uploads\/sites\/20\/2024\/10\/pg_2024.10.16_turkey_3_03.png?resize=164,300 164w, https:\/\/alpha.pewresearch.org\/pewresearch-org\/wp-content\/uploads\/sites\/20\/2024\/10\/pg_2024.10.16_turkey_3_03.png?resize=559,1024 559w, https:\/\/alpha.pewresearch.org\/pewresearch-org\/wp-content\/uploads\/sites\/20\/2024\/10\/pg_2024.10.16_turkey_3_03.png?resize=221,405 221w, https:\/\/alpha.pewresearch.org\/pewresearch-org\/wp-content\/uploads\/sites\/20\/2024\/10\/pg_2024.10.16_turkey_3_03.png?resize=200,366 200w, https:\/\/alpha.pewresearch.org\/pewresearch-org\/wp-content\/uploads\/sites\/20\/2024\/10\/pg_2024.10.16_turkey_3_03.png?resize=260,476 260w, https:\/\/alpha.pewresearch.org\/pewresearch-org\/wp-content\/uploads\/sites\/20\/2024\/10\/pg_2024.10.16_turkey_3_03.png?resize=310,568 310w, https:\/\/alpha.pewresearch.org\/pewresearch-org\/wp-content\/uploads\/sites\/20\/2024\/10\/pg_2024.10.16_turkey_3_03.png?resize=420,770 420w, https:\/\/alpha.pewresearch.org\/pewresearch-org\/wp-content\/uploads\/sites\/20\/2024\/10\/pg_2024.10.16_turkey_3_03.png?resize=160,293 160w, https:\/\/alpha.pewresearch.org\/pewresearch-org\/wp-content\/uploads\/sites\/20\/2024\/10\/pg_2024.10.16_turkey_3_03.png?resize=320,586 320w\" \/><\/a><\/figure>\n\n\n\n<p class=\"wp-block-paragraph\">We last asked about many of these institutions in 2017. Compared with seven years ago, fewer Turks now believe the media (-24 points), religious leaders (-20), the court system (-16) and the military (-15) have a good influence in Turkey.<\/p>\n\n\n\n<h4 class=\"wp-block-heading\" id=\"political-and-demographic-differences\">Political and demographic differences<\/h4>\n\n\n\n<figure class=\"wp-block-image alignright size-420-wide\"><a href=\"https:\/\/alpha.pewresearch.org\/pewresearch-org\/?attachment_id=189339\"><img data-dominant-color=\"f2f2f1\" data-has-transparency=\"false\" style=\"--dominant-color: #f2f2f1;\" loading=\"lazy\" decoding=\"async\" sizes=\"auto, (max-width: 420px) 100vw, 420px\" height=\"492\" width=\"420\" src=\"https:\/\/alpha.pewresearch.org\/pewresearch-org\/wp-content\/uploads\/sites\/20\/2024\/10\/pg_2024.10.16_turkey_3_04.png?w=420\" alt=\"A dot plot showing that Turks with a favorable view of Erdo\u011fan are more positive toward many national institutions\" class=\"wp-image-189339 not-transparent\" srcset=\"https:\/\/alpha.pewresearch.org\/pewresearch-org\/wp-content\/uploads\/sites\/20\/2024\/10\/pg_2024.10.16_turkey_3_04.png 840w, https:\/\/alpha.pewresearch.org\/pewresearch-org\/wp-content\/uploads\/sites\/20\/2024\/10\/pg_2024.10.16_turkey_3_04.png?resize=256,300 256w, https:\/\/alpha.pewresearch.org\/pewresearch-org\/wp-content\/uploads\/sites\/20\/2024\/10\/pg_2024.10.16_turkey_3_04.png?resize=768,900 768w, https:\/\/alpha.pewresearch.org\/pewresearch-org\/wp-content\/uploads\/sites\/20\/2024\/10\/pg_2024.10.16_turkey_3_04.png?resize=346,405 346w, https:\/\/alpha.pewresearch.org\/pewresearch-org\/wp-content\/uploads\/sites\/20\/2024\/10\/pg_2024.10.16_turkey_3_04.png?resize=200,234 200w, https:\/\/alpha.pewresearch.org\/pewresearch-org\/wp-content\/uploads\/sites\/20\/2024\/10\/pg_2024.10.16_turkey_3_04.png?resize=260,305 260w, https:\/\/alpha.pewresearch.org\/pewresearch-org\/wp-content\/uploads\/sites\/20\/2024\/10\/pg_2024.10.16_turkey_3_04.png?resize=310,363 310w, https:\/\/alpha.pewresearch.org\/pewresearch-org\/wp-content\/uploads\/sites\/20\/2024\/10\/pg_2024.10.16_turkey_3_04.png?resize=420,492 420w, https:\/\/alpha.pewresearch.org\/pewresearch-org\/wp-content\/uploads\/sites\/20\/2024\/10\/pg_2024.10.16_turkey_3_04.png?resize=640,750 640w, https:\/\/alpha.pewresearch.org\/pewresearch-org\/wp-content\/uploads\/sites\/20\/2024\/10\/pg_2024.10.16_turkey_3_04.png?resize=740,867 740w, https:\/\/alpha.pewresearch.org\/pewresearch-org\/wp-content\/uploads\/sites\/20\/2024\/10\/pg_2024.10.16_turkey_3_04.png?resize=160,187 160w, https:\/\/alpha.pewresearch.org\/pewresearch-org\/wp-content\/uploads\/sites\/20\/2024\/10\/pg_2024.10.16_turkey_3_04.png?resize=320,375 320w\" \/><\/a><\/figure>\n\n\n\n<p class=\"wp-block-paragraph\">Turkish adults who have a positive view of Erdo\u011fan are more likely than those with an unfavorable view of him to say various institutions have a good influence in the country. For example, those who think positively of Erdo\u011fan are 50 points more likely than those with an unfavorable view of the president to say that religious leaders have a good influence in Turkey (67% vs. 17%).<\/p>\n\n\n\n<p class=\"wp-block-paragraph\">Erdo\u011fan supporters are also more likely than nonsupporters to have a positive view of the influence of the court system, the police, the media and the military.<\/p>\n\n\n\n<p class=\"wp-block-paragraph\">On the other hand, Turks who have a favorable opinion of former opposition leader Kemal K\u0131l\u0131\u00e7daro\u011flu \u2013 Erdo\u011fan\u2019s opponent in the May 2023 presidential election \u2013 see a number of institutions differently. For instance, Kilicdaroglu supporters are 31 points less likely than those who see him unfavorably to say that religious leaders have a good influence in the country. They are also less likely to have a positive view of the influence of the court system (-15 points) and the police (-9).<\/p>\n\n\n\n<p class=\"wp-block-paragraph\">There are no significant differences between Erdo\u011fan or K\u0131l\u0131\u00e7daro\u011flu supporters when it comes to the influence of banks and foreign companies, but there are differences by age. Turkish adults under 35 are more likely than those ages 50 and older to say that large companies from other countries (35% vs. 23%) and banks and other financial institutions (26% vs. 17%) have a positive influence in Turkey.<\/p>\n","protected":false},"excerpt":{"rendered":"<p>Turkish adults see various conflicts among different groups in their society. Majorities say there are conflicts between people who support different political parties (77%) and between people with different ethnic backgrounds (59%). Opinions are more mixed in the majority-Muslim nation when it comes to conflicts between people who practice different religions, with 47% saying there [&hellip;]<\/p>\n","protected":false},"author":648,"featured_media":0,"comment_status":"closed","ping_status":"","sticky":false,"template":"","format":"standard","meta":{"_crdt_document":"","sub_headline":"","sub_title":"","_prc_public_revisions":[],"_ppp_expiration_hours":0,"_ppp_enabled":false,"ai_generated_summary":"","bylines":[],"acknowledgements":[],"displayBylines":true,"prc_watchers":[],"relatedPosts":[],"reportMaterials":[],"multiSectionReport":[],"package_parts__enabled":false,"package_parts":[],"_prc_fork_parent":0,"_prc_fork_status":"","_prc_active_fork":0,"datacite_doi":"","datacite_doi_citation":"","_prc_seo_qr_attachment_id":0,"spoken_article_player_enabled":true,"footnotes":""},"categories":[60,395,115],"tags":[],"bylines":[624,633,2366],"collection":[],"datasets":[2789],"level_of_effort":[],"primary_audience":[],"information_type":[],"_post_visibility":[],"formats":[458],"_fund_pool":[],"languages":[],"regions-countries":[516],"research-teams":[525],"workflow-status":[],"class_list":["post-189295","post","type-post","status-publish","format-standard","hentry","category-democracy","category-international-political-values","category-world-leaders","bylines-jacob-poushter","bylines-laura-clancy","bylines-sofia-hernandez-ramones","datasets-spring-2024-survey-data","formats-report","regions-countries-europe-russia","research-teams-global"],"label":false,"post_parent":189282,"word_count":620,"canonical_url":"https:\/\/alpha.pewresearch.org\/pewresearch-org\/global\/2024\/10\/16\/how-people-in-turkey-view-societal-conflicts-and-institutions-in-their-country\/","art_direction":{"A2":{"id":189484,"rawUrl":"https:\/\/alpha.pewresearch.org\/pewresearch-org\/wp-content\/uploads\/sites\/20\/2024\/10\/pg_2024.10.16_turkey_feature.png","url":"https:\/\/alpha.pewresearch.org\/pewresearch-org\/wp-content\/uploads\/sites\/20\/2024\/10\/pg_2024.10.16_turkey_feature.png?w=268&h=151&crop=1","width":268,"height":151,"caption":"President Recep Tayyip Erdo\u011fan of Turkey attends a press conference during the 75th NATO summit in Washington, D.C., on July 11, 2024. (Beata Zawrzel\/NurPhoto via Getty Images)","chartArt":false},"XL":{"id":189484,"rawUrl":"https:\/\/alpha.pewresearch.org\/pewresearch-org\/wp-content\/uploads\/sites\/20\/2024\/10\/pg_2024.10.16_turkey_feature.png","url":"https:\/\/alpha.pewresearch.org\/pewresearch-org\/wp-content\/uploads\/sites\/20\/2024\/10\/pg_2024.10.16_turkey_feature.png?w=720&h=405&crop=1","width":720,"height":405,"caption":"President Recep Tayyip Erdo\u011fan of Turkey attends a press conference during the 75th NATO summit in Washington, D.C., on July 11, 2024. (Beata Zawrzel\/NurPhoto via Getty Images)","chartArt":false},"A3":{"id":189484,"rawUrl":"https:\/\/alpha.pewresearch.org\/pewresearch-org\/wp-content\/uploads\/sites\/20\/2024\/10\/pg_2024.10.16_turkey_feature.png","url":"https:\/\/alpha.pewresearch.org\/pewresearch-org\/wp-content\/uploads\/sites\/20\/2024\/10\/pg_2024.10.16_turkey_feature.png?w=194&h=110&crop=1","width":194,"height":110,"caption":"President Recep Tayyip Erdo\u011fan of Turkey attends a press conference during the 75th NATO summit in Washington, D.C., on July 11, 2024. (Beata Zawrzel\/NurPhoto via Getty Images)","chartArt":false},"A4":{"id":189484,"rawUrl":"https:\/\/alpha.pewresearch.org\/pewresearch-org\/wp-content\/uploads\/sites\/20\/2024\/10\/pg_2024.10.16_turkey_feature.png","url":"https:\/\/alpha.pewresearch.org\/pewresearch-org\/wp-content\/uploads\/sites\/20\/2024\/10\/pg_2024.10.16_turkey_feature.png?w=268&h=151&crop=1","width":268,"height":151,"caption":"President Recep Tayyip Erdo\u011fan of Turkey attends a press conference during the 75th NATO summit in Washington, D.C., on July 11, 2024. (Beata Zawrzel\/NurPhoto via Getty Images)","chartArt":false},"A1":{"id":189484,"rawUrl":"https:\/\/alpha.pewresearch.org\/pewresearch-org\/wp-content\/uploads\/sites\/20\/2024\/10\/pg_2024.10.16_turkey_feature.png","url":"https:\/\/alpha.pewresearch.org\/pewresearch-org\/wp-content\/uploads\/sites\/20\/2024\/10\/pg_2024.10.16_turkey_feature.png?w=564&h=317&crop=1","width":564,"height":317,"caption":"President Recep Tayyip Erdo\u011fan of Turkey attends a press conference during the 75th NATO summit in Washington, D.C., on July 11, 2024. (Beata Zawrzel\/NurPhoto via Getty Images)","chartArt":false},"social":{"id":189484,"rawUrl":"https:\/\/alpha.pewresearch.org\/pewresearch-org\/wp-content\/uploads\/sites\/20\/2024\/10\/pg_2024.10.16_turkey_feature.png","url":"https:\/\/alpha.pewresearch.org\/pewresearch-org\/wp-content\/uploads\/sites\/20\/2024\/10\/pg_2024.10.16_turkey_feature.png?w=1200&h=628&crop=1","width":1200,"height":628,"caption":"President Recep Tayyip Erdo\u011fan of Turkey attends a press conference during the 75th NATO summit in Washington, D.C., on July 11, 2024. (Beata Zawrzel\/NurPhoto via Getty Images)","chartArt":false}},"_embeds":[],"watchers":[],"table_of_contents":[{"id":189282,"title":"Turks Lean Negative on Erdo\u011fan, Give National Government Mixed Ratings","slug":"turks-lean-negative-on-erdogan-give-national-government-mixed-ratings","link":"https:\/\/alpha.pewresearch.org\/pewresearch-org\/global\/2024\/10\/16\/turks-lean-negative-on-erdogan-give-national-government-mixed-ratings\/","is_active":false},{"id":189287,"title":"1. How people in Turkey view their government","slug":"how-people-in-turkey-view-their-government","link":"https:\/\/alpha.pewresearch.org\/pewresearch-org\/global\/2024\/10\/16\/how-people-in-turkey-view-their-government\/","is_active":false},{"id":189291,"title":"2. How people in Turkey view democracy and other forms of government","slug":"how-people-in-turkey-view-democracy-and-other-forms-of-government","link":"https:\/\/alpha.pewresearch.org\/pewresearch-org\/global\/2024\/10\/16\/how-people-in-turkey-view-democracy-and-other-forms-of-government\/","is_active":false},{"id":189295,"title":"3. How people in Turkey view societal conflicts and institutions in their country","slug":"how-people-in-turkey-view-societal-conflicts-and-institutions-in-their-country","link":"https:\/\/alpha.pewresearch.org\/pewresearch-org\/global\/2024\/10\/16\/how-people-in-turkey-view-societal-conflicts-and-institutions-in-their-country\/","is_active":true},{"id":189299,"title":"4. How people in Turkey view international affairs","slug":"how-people-in-turkey-view-international-affairs","link":"https:\/\/alpha.pewresearch.org\/pewresearch-org\/global\/2024\/10\/16\/how-people-in-turkey-view-international-affairs\/","is_active":false},{"id":189303,"title":"Acknowledgments","slug":"acknowledgments-turkey","link":"https:\/\/alpha.pewresearch.org\/pewresearch-org\/global\/2024\/10\/16\/acknowledgments-turkey\/","is_active":false},{"id":189307,"title":"Methodology","slug":"methodology-turkey","link":"https:\/\/alpha.pewresearch.org\/pewresearch-org\/global\/2024\/10\/16\/methodology-turkey\/","is_active":false}],"report_materials":[{"key":"_5ehgibdm3","type":"report","url":"https:\/\/alpha.pewresearch.org\/pewresearch-org\/wp-content\/uploads\/sites\/20\/2024\/10\/pg_2024.10.16_turkey_report.pdf","label":"Report PDF","attachmentId":189310},{"key":"_y8zdnikuy","type":"topline","url":"https:\/\/alpha.pewresearch.org\/pewresearch-org\/wp-content\/uploads\/sites\/20\/2024\/10\/pg_2024.10.16_turkey_topline.pdf","label":"Topline","attachmentId":189311},{"key":"_jqgphkfbj","type":"link","url":"https:\/\/alpha.pewresearch.org\/pewresearch-org\/global\/2024\/10\/16\/turkey-gap-2024-press-release\/?utm_source=comms&utm_medium=website&utm_campaign=translatedpressrelease&utm_id=pg-turkey","label":"Turkish: T\u00fcrkler Erdo\u011fan'a Olumsuz Yakla\u015f\u0131yor, Ulusal H\u00fck\u00fcmet Hakk\u0131nda Kar\u0131\u015f\u0131k D\u00fc\u015f\u00fcncelere Sahipler","icon":"link"},{"type":"dataset","id":2789,"label":"Spring 2024 Survey Data","url":"https:\/\/alpha.pewresearch.org\/pewresearch-org\/dataset\/spring-2024-survey-data\/"}],"report_pagination":{"current_post":{"id":189295,"title":"3. How people in Turkey view societal conflicts and institutions in their country","slug":"how-people-in-turkey-view-societal-conflicts-and-institutions-in-their-country","link":"https:\/\/alpha.pewresearch.org\/pewresearch-org\/global\/2024\/10\/16\/how-people-in-turkey-view-societal-conflicts-and-institutions-in-their-country\/","is_active":true,"page_num":4},"next_post":{"id":189299,"title":"4. How people in Turkey view international affairs","slug":"how-people-in-turkey-view-international-affairs","link":"https:\/\/alpha.pewresearch.org\/pewresearch-org\/global\/2024\/10\/16\/how-people-in-turkey-view-international-affairs\/","is_active":false,"page_num":5},"previous_post":{"id":189291,"title":"2. How people in Turkey view democracy and other forms of government","slug":"how-people-in-turkey-view-democracy-and-other-forms-of-government","link":"https:\/\/alpha.pewresearch.org\/pewresearch-org\/global\/2024\/10\/16\/how-people-in-turkey-view-democracy-and-other-forms-of-government\/","is_active":false,"page_num":3},"pagination_items":[{"id":189282,"title":"Turks Lean Negative on Erdo\u011fan, Give National Government Mixed Ratings","slug":"turks-lean-negative-on-erdogan-give-national-government-mixed-ratings","link":"https:\/\/alpha.pewresearch.org\/pewresearch-org\/global\/2024\/10\/16\/turks-lean-negative-on-erdogan-give-national-government-mixed-ratings\/","is_active":false,"page_num":1},{"id":189287,"title":"1. How people in Turkey view their government","slug":"how-people-in-turkey-view-their-government","link":"https:\/\/alpha.pewresearch.org\/pewresearch-org\/global\/2024\/10\/16\/how-people-in-turkey-view-their-government\/","is_active":false,"page_num":2},{"id":189291,"title":"2. How people in Turkey view democracy and other forms of government","slug":"how-people-in-turkey-view-democracy-and-other-forms-of-government","link":"https:\/\/alpha.pewresearch.org\/pewresearch-org\/global\/2024\/10\/16\/how-people-in-turkey-view-democracy-and-other-forms-of-government\/","is_active":false,"page_num":3},{"id":189295,"title":"3. How people in Turkey view societal conflicts and institutions in their country","slug":"how-people-in-turkey-view-societal-conflicts-and-institutions-in-their-country","link":"https:\/\/alpha.pewresearch.org\/pewresearch-org\/global\/2024\/10\/16\/how-people-in-turkey-view-societal-conflicts-and-institutions-in-their-country\/","is_active":true,"page_num":4},{"id":189299,"title":"4. How people in Turkey view international affairs","slug":"how-people-in-turkey-view-international-affairs","link":"https:\/\/alpha.pewresearch.org\/pewresearch-org\/global\/2024\/10\/16\/how-people-in-turkey-view-international-affairs\/","is_active":false,"page_num":5},{"id":189303,"title":"Acknowledgments","slug":"acknowledgments-turkey","link":"https:\/\/alpha.pewresearch.org\/pewresearch-org\/global\/2024\/10\/16\/acknowledgments-turkey\/","is_active":false,"page_num":6},{"id":189307,"title":"Methodology","slug":"methodology-turkey","link":"https:\/\/alpha.pewresearch.org\/pewresearch-org\/global\/2024\/10\/16\/methodology-turkey\/","is_active":false,"page_num":7}]},"parent_info":{"parent_title":"Turks Lean Negative on Erdo\u011fan, Give National Government Mixed Ratings","parent_id":189282},"materialsOrdered":[],"chaptersOrdered":[],"partsOrdered":[],"partsEnabled":false,"datacite_doi":"","prc_seo_data":{"title":"3. How people in Turkey view societal conflicts and institutions in their country","description":"Turkish adults see various conflicts among different groups in their society. Majorities say there are conflicts between people who support different political parties (77%) and between people with different ethnic&hellip;","og_title":"3. How people in Turkey view societal conflicts and institutions in their country","og_description":"Turkish adults see various conflicts among different groups in their society. Majorities say there are conflicts between people who support different political parties (77%) and between people with different ethnic&hellip;","schema_type":"Article","noindex":false,"canonical_url":"","primary_terms":{"category":115,"formats":458,"regions-countries":516,"research-teams":525},"custom_schema":[],"og_image":189484,"indexnow_submitted_at":null,"gsc_index_status":null},"prepublish_checks":{"prc-image-alt-text":{"status":"incomplete","message":"4 images are missing alt text.","data":{"count":4}},"prc-about-this-research":{"status":"incomplete","message":"Add an \"About this research\" details block.","data":null},"prc-paragraph-count":{"status":"complete","message":"Found 14 paragraphs.","data":{"count":14}},"prc-internal-link":{"status":"complete","message":"Found 5 internal links.","data":{"count":5}}},"jetpack_featured_media_url":"","jetpack_sharing_enabled":true,"relatedPostsOrdered":[],"bylinesOrdered":[],"acknowledgementsOrdered":[],"_links":{"self":[{"href":"https:\/\/alpha.pewresearch.org\/pewresearch-org\/wp-json\/wp\/v2\/posts\/189295","targetHints":{"allow":["GET"]}}],"collection":[{"href":"https:\/\/alpha.pewresearch.org\/pewresearch-org\/wp-json\/wp\/v2\/posts"}],"about":[{"href":"https:\/\/alpha.pewresearch.org\/pewresearch-org\/wp-json\/wp\/v2\/types\/post"}],"author":[{"embeddable":true,"href":"https:\/\/alpha.pewresearch.org\/pewresearch-org\/wp-json\/wp\/v2\/users\/648"}],"replies":[{"embeddable":true,"href":"https:\/\/alpha.pewresearch.org\/pewresearch-org\/wp-json\/wp\/v2\/comments?post=189295"}],"version-history":[{"count":5,"href":"https:\/\/alpha.pewresearch.org\/pewresearch-org\/wp-json\/wp\/v2\/posts\/189295\/revisions"}],"predecessor-version":[{"id":271602,"href":"https:\/\/alpha.pewresearch.org\/pewresearch-org\/wp-json\/wp\/v2\/posts\/189295\/revisions\/271602"}],"wp:attachment":[{"href":"https:\/\/alpha.pewresearch.org\/pewresearch-org\/wp-json\/wp\/v2\/media?parent=189295"}],"wp:term":[{"taxonomy":"category","embeddable":true,"href":"https:\/\/alpha.pewresearch.org\/pewresearch-org\/wp-json\/wp\/v2\/categories?post=189295"},{"taxonomy":"post_tag","embeddable":true,"href":"https:\/\/alpha.pewresearch.org\/pewresearch-org\/wp-json\/wp\/v2\/tags?post=189295"},{"taxonomy":"bylines","embeddable":true,"href":"https:\/\/alpha.pewresearch.org\/pewresearch-org\/wp-json\/wp\/v2\/bylines?post=189295"},{"taxonomy":"collection","embeddable":true,"href":"https:\/\/alpha.pewresearch.org\/pewresearch-org\/wp-json\/wp\/v2\/collection?post=189295"},{"taxonomy":"datasets","embeddable":true,"href":"https:\/\/alpha.pewresearch.org\/pewresearch-org\/wp-json\/wp\/v2\/datasets?post=189295"},{"taxonomy":"level_of_effort","embeddable":true,"href":"https:\/\/alpha.pewresearch.org\/pewresearch-org\/wp-json\/wp\/v2\/level_of_effort?post=189295"},{"taxonomy":"primary_audience","embeddable":true,"href":"https:\/\/alpha.pewresearch.org\/pewresearch-org\/wp-json\/wp\/v2\/primary_audience?post=189295"},{"taxonomy":"information_type","embeddable":true,"href":"https:\/\/alpha.pewresearch.org\/pewresearch-org\/wp-json\/wp\/v2\/information_type?post=189295"},{"taxonomy":"_post_visibility","embeddable":true,"href":"https:\/\/alpha.pewresearch.org\/pewresearch-org\/wp-json\/wp\/v2\/_post_visibility?post=189295"},{"taxonomy":"formats","embeddable":true,"href":"https:\/\/alpha.pewresearch.org\/pewresearch-org\/wp-json\/wp\/v2\/formats?post=189295"},{"taxonomy":"_fund_pool","embeddable":true,"href":"https:\/\/alpha.pewresearch.org\/pewresearch-org\/wp-json\/wp\/v2\/_fund_pool?post=189295"},{"taxonomy":"languages","embeddable":true,"href":"https:\/\/alpha.pewresearch.org\/pewresearch-org\/wp-json\/wp\/v2\/languages?post=189295"},{"taxonomy":"regions-countries","embeddable":true,"href":"https:\/\/alpha.pewresearch.org\/pewresearch-org\/wp-json\/wp\/v2\/regions-countries?post=189295"},{"taxonomy":"research-teams","embeddable":true,"href":"https:\/\/alpha.pewresearch.org\/pewresearch-org\/wp-json\/wp\/v2\/research-teams?post=189295"},{"taxonomy":"workflow-status","embeddable":true,"href":"https:\/\/alpha.pewresearch.org\/pewresearch-org\/wp-json\/wp\/v2\/workflow-status?post=189295"}],"curies":[{"name":"wp","href":"https:\/\/api.w.org\/{rel}","templated":true}]}}